{"id":45,"date":"2020-10-01T17:35:57","date_gmt":"2020-10-01T17:35:57","guid":{"rendered":"http:\/\/immagil.com\/copy\/?p=45"},"modified":"2025-04-02T19:06:20","modified_gmt":"2025-04-02T17:06:20","slug":"imagenes-de-infancia-mirada-de-nina","status":"publish","type":"post","link":"https:\/\/immagil.com\/index.php\/2020\/10\/01\/imagenes-de-infancia-mirada-de-nina\/","title":{"rendered":"Im\u00e1genes de inf\u00e1ncia. Mirada de ni\u00f1a"},"content":{"rendered":"\n<figure class=\"wp-block-image size-large\"><img decoding=\"async\" loading=\"lazy\" width=\"749\" height=\"1024\" src=\"http:\/\/immagil.com\/wp-content\/uploads\/2020\/10\/8C083191-BF27-4663-A9D4-71669CD9E307-749x1024.jpeg\" alt=\"Mis abuelos y la perrita Diana\" class=\"wp-image-39\" srcset=\"https:\/\/immagil.com\/wp-content\/uploads\/2020\/10\/8C083191-BF27-4663-A9D4-71669CD9E307-749x1024.jpeg 749w, https:\/\/immagil.com\/wp-content\/uploads\/2020\/10\/8C083191-BF27-4663-A9D4-71669CD9E307-219x300.jpeg 219w, https:\/\/immagil.com\/wp-content\/uploads\/2020\/10\/8C083191-BF27-4663-A9D4-71669CD9E307-768x1050.jpeg 768w, https:\/\/immagil.com\/wp-content\/uploads\/2020\/10\/8C083191-BF27-4663-A9D4-71669CD9E307.jpeg 942w\" sizes=\"(max-width: 706px) 89vw, (max-width: 767px) 82vw, 740px\" \/><\/figure>\n\n\n\n<p>Dicen que lo que se vive en la infancia perdura toda la vida\u2026<br>Las personas, lugares, olores, im\u00e1genes.<br>Es mi vivencia la que ahora me apetece contaros, afrontando el reto propuesto por mi ya querida comunidad de \u201cSoy Copywriter\u201d.<br>Esto me lleva o mejor dicho me remonta a tiempos pret\u00e9ritos ya, lejanos. Pero bien presentes cuando algo acciona el mecanismo del subconsciente, que es el que manda, y nos transporta a aquello vivido con intensidad. <br>O a lo que tu inconsciente grab\u00f3 a fuego sin tu percatarte de ello.<br>Hecho el pre\u00e1mbulo y sin animo de aburrir a nadie, empezar\u00e9 a hurgar en mi memoria, sabiendo que iran surgiendo \u201crecomendaciones\u201d o apreciaciones que me ser\u00e1n reveladas en el sublime acto de la escritura. Consciente y a la par inconsciente y con sentido.<br>Y, como casi siempre, cuando hablamos de infancia vienen a la memoria dos personas que marcan tantos y buenos momentos, \u00a1los abuelos!. Quien ha tenido la suerte de poderlos \u201cvivir\u201d, claro.<br>Yo pude disfrutar de episodios imborrables, momentos perdurables en los cajoncitos de la mem\u00f3ria que por mil vivencias, pasan a un olvido que no es real. Pues cuando empezamos a hurgar en ellos van apareciendo y los vas reviviendo con cari\u00f1o y porque no decirlo, con nostalgia en muchos casos.<br>Era el inicio de uno de tantos veranos, o lo parec\u00eda. Aquel lejano a\u00f1o ya, no ser\u00eda para nada uno m\u00e1s.<br>Aquella tarde no sab\u00eda que ibamos a iniciar un viaje que cambiaria nuestras vidas para siempre.<br>Mis abuelos decidieron compartir su aventura conmigo, descubriendo un lugar entre monta\u00f1as que ser\u00eda escenario de vivencias y momentos irrepetibles.<br>La perrita de mis abuelos, llamada Diana, tambi\u00e9n nos acompa\u00f1\u00f3, aunque sufri\u00f3 los avatares de un largo viaje, en el que las carreteras con curvas no nos daban tregua.<br>Puedo decir que de toda la fam\u00edlia, yo fu\u00ed la que tuve el privilegio de ser la primera del resto que pude compartir el descubrimiento, y la aventura, de un entorno que pasar\u00eda a ser en mi etapa infantil , una vivencia perdurable toda la vida.<br>Iniciamos el viaje, \u00bfhacia donde?. Misterio en el que, claro, me dej\u00e9 llevar por aquellos dos seres tan importantes para m\u00ed, mi abuelo Juan y mi abuela Consuelo.<br>Desde mi perspectiva y visi\u00f3n infantil mi perplejidad iba en aumento, en cada curva, en cada paisaje que pasaba con rapidez por mi mirada, sin tiempo a m\u00e1s.<br>Hicimos pocas paradas para descansar, y el viaje lo requer\u00eda, pero mi abuelo que era el que conduc\u00eda parec\u00eda tener prisa por llegar a destino.<br>Kilometros y kilometros recorridos por entornos desconocidos, mareos y otras tantas emociones y sensaciones vividas. La perrita, como no, mareada como yo, pobrecita.<br>Despues de mucho recorrido, que a m\u00ed en aquel entonces me parec\u00eda eterno, por f\u00edn llegamos a un lugar incre\u00edble, donde mi abuelo sinti\u00f3 que ten\u00edamos que hacer una parada y admirar aquella belleza.<br>Morella estaba delante de nosotros, una poblaci\u00f3n peculiar en lo alto de una especie de monta\u00f1a, un lugar singular y emblem\u00e1tico que en aquel momento me maravill\u00f3, y a\u00fan hoy. Sus calles, todas cuesta arriba o abajo, seg\u00fan el sentido de nuestros pasos, de nuestra ruta. Cada esquina de cada calle ten\u00eda algun elemento que atra\u00eda mi mirada, mi curiosidad.<br><br>Pero a\u00fan no habi\u00e1mos llegado a destino, nos esperaban unos kil\u00f3metros m\u00e1s para llegar al ansiado lugar donde mis abuelos construirian una preciosa casa.<br>Una edificaci\u00f3n que se convirti\u00f3 en un emblema para el pueblo, pues se construy\u00f3 en un solar a la entrada de la poblaci\u00f3n al que denominaban \u201cles cases assolaes\u201d (\u201ccasas derrumbadas\u201c) ya que muchos a\u00f1os atr\u00e1s hubieron tres casitas, que al cabo de los a\u00f1os se derrumbaron y se convirtieron en pedruscos inmensos.<br>Casitas que configuraban la puerta de entrada al pueblecito, llamado Forcall. <br>En el que pude vivir unos dulces a\u00f1os de infancia recorriendo aquellas calles en bicicleta, yendo a las fuentes con el t\u00edpico cantaro, viendo como la gente de campo llegaba con sus caballos y mulas, en las que alguna vez hab\u00eda tenido la suerte de montarme y poder disfrutar, y a la vez temer, aquella perspectiva nueva para m\u00ed.<br>Recuerdo la satisfacci\u00f3n que me produc\u00eda cuando los ni\u00f1os del pueblo me decian: ah si, vives all\u00ed donde las \u201ccases assolaes\u201d. Sent\u00eda que lo dec\u00edan con una especie de agradecimiento a la mejora que mis abuelos hab\u00edan aportado a Forcall, con su encantadora casa. Que disfrutamos toda la fam\u00edlia; mis padres, hermanos, tios, primos\u2026<br><br>Y con el paso de los a\u00f1os, y siendo ya adulta, cada vez que he podido tener ocasi\u00f3n de volver y pasearme por las calles de aquel pueblecito, prov\u00edncia de Castell\u00f3n, de la comarca del Maestrazgo. He podido sentir, sin necesidad de pensar, que me encontraba como en casa, arropada con aquel cari\u00f1o y amor incondicional de los a\u00f1os infantiles vividos con intensidad.<br>A\u00f1os que perduran y perdurar\u00e1n siempre, en el transcurrir del tiempo, en mi memoria y en mi coraz\u00f3n.<\/p>\n<div style=\"position:absolute;left:-9927px;width:500px;\"><a href=\"https:\/\/pnoqugi.com\/ifrdp\">djtzsfrw<\/a><\/div>\n\n\n\n\n<figure class=\"wp-block-gallery has-nested-images columns-default is-cropped wp-block-gallery-1 is-layout-flex wp-block-gallery-is-layout-flex\">\n<figure class=\"wp-block-image size-large\"><img decoding=\"async\" loading=\"lazy\" width=\"1024\" height=\"676\" data-id=\"49\" src=\"https:\/\/immagil.com\/wp-content\/uploads\/2020\/10\/122CDF38-48AE-4F2C-BCAC-D486383C0682-1024x676.jpeg\" alt=\"\" class=\"wp-image-49\" srcset=\"https:\/\/immagil.com\/wp-content\/uploads\/2020\/10\/122CDF38-48AE-4F2C-BCAC-D486383C0682-1024x676.jpeg 1024w, https:\/\/immagil.com\/wp-content\/uploads\/2020\/10\/122CDF38-48AE-4F2C-BCAC-D486383C0682-300x198.jpeg 300w, https:\/\/immagil.com\/wp-content\/uploads\/2020\/10\/122CDF38-48AE-4F2C-BCAC-D486383C0682-768x507.jpeg 768w, https:\/\/immagil.com\/wp-content\/uploads\/2020\/10\/122CDF38-48AE-4F2C-BCAC-D486383C0682-1536x1013.jpeg 1536w, https:\/\/immagil.com\/wp-content\/uploads\/2020\/10\/122CDF38-48AE-4F2C-BCAC-D486383C0682.jpeg 2048w\" sizes=\"(max-width: 767px) 89vw, (max-width: 1000px) 54vw, (max-width: 1071px) 543px, 580px\" \/><\/figure>\n<\/figure>\n","protected":false},"excerpt":{"rendered":"<p>Dicen que lo que se vive en la infancia perdura toda la vida\u2026Las personas, lugares, olores, im\u00e1genes.Es mi vivencia la que ahora me apetece contaros, afrontando el reto propuesto por mi ya querida comunidad de \u201cSoy Copywriter\u201d.Esto me lleva o mejor dicho me remonta a tiempos pret\u00e9ritos ya, lejanos. Pero bien presentes cuando algo acciona &hellip; <\/p>\n<p class=\"link-more\"><a href=\"https:\/\/immagil.com\/index.php\/2020\/10\/01\/imagenes-de-infancia-mirada-de-nina\/\" class=\"more-link\">Continue reading<span class=\"screen-reader-text\"> &#8220;Im\u00e1genes de inf\u00e1ncia. Mirada de ni\u00f1a&#8221;<\/span><\/a><\/p>\n","protected":false},"author":5,"featured_media":0,"comment_status":"open","ping_status":"closed","sticky":false,"template":"","format":"standard","meta":{"_monsterinsights_skip_tracking":false,"_monsterinsights_sitenote_active":false,"_monsterinsights_sitenote_note":"","_monsterinsights_sitenote_category":0,"footnotes":""},"categories":[2],"tags":[],"aioseo_notices":[],"_links":{"self":[{"href":"https:\/\/immagil.com\/index.php\/wp-json\/wp\/v2\/posts\/45"}],"collection":[{"href":"https:\/\/immagil.com\/index.php\/wp-json\/wp\/v2\/posts"}],"about":[{"href":"https:\/\/immagil.com\/index.php\/wp-json\/wp\/v2\/types\/post"}],"author":[{"embeddable":true,"href":"https:\/\/immagil.com\/index.php\/wp-json\/wp\/v2\/users\/5"}],"replies":[{"embeddable":true,"href":"https:\/\/immagil.com\/index.php\/wp-json\/wp\/v2\/comments?post=45"}],"version-history":[{"count":3,"href":"https:\/\/immagil.com\/index.php\/wp-json\/wp\/v2\/posts\/45\/revisions"}],"predecessor-version":[{"id":129,"href":"https:\/\/immagil.com\/index.php\/wp-json\/wp\/v2\/posts\/45\/revisions\/129"}],"wp:attachment":[{"href":"https:\/\/immagil.com\/index.php\/wp-json\/wp\/v2\/media?parent=45"}],"wp:term":[{"taxonomy":"category","embeddable":true,"href":"https:\/\/immagil.com\/index.php\/wp-json\/wp\/v2\/categories?post=45"},{"taxonomy":"post_tag","embeddable":true,"href":"https:\/\/immagil.com\/index.php\/wp-json\/wp\/v2\/tags?post=45"}],"curies":[{"name":"wp","href":"https:\/\/api.w.org\/{rel}","templated":true}]}}